{"id":6180,"date":"2024-06-26T15:17:08","date_gmt":"2024-06-26T12:17:08","guid":{"rendered":"https:\/\/autoleasing.fi\/yrityksille\/?p=6180"},"modified":"2024-06-26T15:17:08","modified_gmt":"2024-06-26T12:17:08","slug":"hyvin-suunniteltu-ja-vastuullinen-autopolitiikka","status":"publish","type":"post","link":"https:\/\/autoleasing.fi\/yrityksille\/ajankohtaista\/hyvin-suunniteltu-ja-vastuullinen-autopolitiikka\/","title":{"rendered":"Hyvin suunniteltu ja vastuullinen autopolitiikka"},"content":{"rendered":"<p>Hyvin suunnitellun autopolitiikan avulla on mahdollisuus huomattaviin kustannuss\u00e4\u00e4st\u00f6ihin. Kun autopolitiikka sovitetaan lis\u00e4ksi tukemaan yrityksen arvoja ja vastuullisuustavoitteita, voidaan vaikuttaa kustannusten lis\u00e4ksi my\u00f6s ymp\u00e4rist\u00f6\u00f6n, ty\u00f6hyvinvointiin sek\u00e4 yrityksen imagoon. Vastuullinen ja ymp\u00e4rist\u00f6yst\u00e4v\u00e4llinen autopolitiikka on useilla toimialoilla jopa kilpailuetu. Hyvin suunniteltu autopolitiikka vapauttaa lis\u00e4ksi aikaa varsinaiseen liiketoimintaan; kun yrityksen autoiluun liittyv\u00e4t asiat on suunniteltu ja kirjattu, on kaikilla yritysautoilun osapuolilla selke\u00e4 \u201dk\u00e4sikirja\u201d, joka m\u00e4\u00e4ritt\u00e4\u00e4 tarjolla olevat vaihtoehdot sek\u00e4 yhteiset pelis\u00e4\u00e4nn\u00f6t.<\/p>\n<p>Autopolitiikkaa suunniteltaessa on syyt\u00e4 ottaa huomioon monia erilaisia asioita alkaen henkil\u00f6st\u00f6st\u00e4 sek\u00e4 heid\u00e4n p\u00e4ivitt\u00e4isist\u00e4 liikkumistarpeistaan, yrityksen arvoista, tavoitteista, rahoitusmuodoista ja tiukentuvista p\u00e4\u00e4st\u00f6normeista.<\/p>\n<p>Autopolitiikalla voidaan vaikuttaa my\u00f6s ty\u00f6ntekij\u00f6iden kokemukseen autoedun merkityksest\u00e4 luontoisetuna. Sopivalla autopolitiikalla varmistetaan, ett\u00e4 ty\u00f6ntekij\u00f6ille on saatavilla heit\u00e4 kiinnostavat ja turvalliset automallit. Vastuullisella ja hyvin suunnitellulla autopolitiikalla pystyt\u00e4\u00e4n pit\u00e4m\u00e4\u00e4n huolta ty\u00f6ntekij\u00f6iden turvallisuudesta ja tarjoamaan heille paras mahdollinen tapa hoitaa arjen liikkumistarpeet \u2013 sek\u00e4 ty\u00f6matkoilla ett\u00e4 vapaa-ajalla.<\/p>\n<p>Vastuullinen yritys ottaa autoilussa huomioon valtion ja elinkeinoel\u00e4m\u00e4n yhdess\u00e4 laatimat Green Deal -sopimukset. <a href=\"https:\/\/akl.fi\/linjaukset\/autoalan-green-deal\/\" target=\"_blank\" rel=\"noopener\">Autoalan Green Deal<\/a> -sopimuksen tavoitteena on v\u00e4hent\u00e4\u00e4 ensirekister\u00f6ityjen henkil\u00f6- ja pakettiautojen keskim\u00e4\u00e4r\u00e4isi\u00e4 hiilidioksidip\u00e4\u00e4st\u00f6j\u00e4 v\u00e4hint\u00e4\u00e4n nelj\u00e4 prosenttia vuodessa ja lis\u00e4t\u00e4 korkeille biopolttoaineosuuksille soveltuvien autojen osuutta erityisesti raskaassa kalustossa. Sopimuksella halutaan edist\u00e4\u00e4 muiden vaihtoehtoisia k\u00e4ytt\u00f6voimia hy\u00f6dynt\u00e4vien autojen yleistymist\u00e4.<\/p>\n<p>Muutos vastuullisempaan autoiluun l\u00e4htee miettim\u00e4ll\u00e4 ty\u00f6suhdeautojen p\u00e4\u00e4st\u00f6- ja hankintarajat. Ty\u00f6suhdeautoilijoita voidaan kannustaa valitsemaan ty\u00f6suhdeautokseen v\u00e4h\u00e4p\u00e4\u00e4st\u00f6isempi auto esimerkiksi tukemalla kotilatauslaitteen hankintaa ja\/tai julkisia latausratkaisuja. Latauslaitteiden tukemisella on my\u00f6s vaikutusta yritysautoilun kokonaiskustannuksiin, sill\u00e4 ladattavien hybridien osalta s\u00e4\u00e4st\u00f6t polttoainekustannuksissa sek\u00e4 ymp\u00e4rist\u00f6hy\u00f6dyt saavutetaan vain lataamalla autoa s\u00e4\u00e4nn\u00f6llisesti. T\u00e4yss\u00e4hk\u00f6autojen osalta kotilatauslaite helpottaa arkea ja s\u00e4\u00e4st\u00e4\u00e4 latauskustannuksissa.<\/p>\n<p>Vastuullinen ja huolella laadittu autopolitiikka mahdollistaa ty\u00f6ntekij\u00e4lle v\u00e4h\u00e4p\u00e4\u00e4st\u00f6isen auton valinnan ja samalla se helpottaa yrityksen budjetointia, kulurakennetta sek\u00e4 vastuullisuus- ja p\u00e4\u00e4st\u00f6tavoitteiden asettamista. V\u00e4h\u00e4p\u00e4\u00e4st\u00f6iset autot vahvistavat my\u00f6s yrityksen vastuullista imagoa. Hyvin suunniteltu autopolitiikka helpottaa my\u00f6s ty\u00f6ntekij\u00f6iden autovalintaa, kun yritys on autopolitiikassaan m\u00e4\u00e4ritt\u00e4nyt valittavissa olevat automerkit ja mallit valmiiksi.<\/p>\n<p>Yrityksen autopolitiikka on syyt\u00e4 laatia kirjallisena heti alusta asti. N\u00e4in saadaan selke\u00e4 ohjeistus yrityksen vastuulliselle liikkumiselle. Autopolitiikkaan on t\u00e4rke\u00e4\u00e4 kirjata kaikki sovitut asiat ja tavoitteet, unohtamatta latausratkaisuja ja niiden mahdollista tukemista. NF Fleetin <a href=\"https:\/\/autoleasing.fi\/yrityksille\/lisapalvelut\/electric-latauspalvelu\/\" rel=\"noopener\">Electric-latauspalvelu<\/a> on helppo ja huoleton vaihtoehto latausratkaisuja mietitt\u00e4ess\u00e4. Autopolitiikkaa laadittaessa kannattaa kuitenkin muistaa, ett\u00e4 tekninen kehitys kulkee huimaa vauhtia. Vastuullinen yritys tarkasteleekin autopolitiikkaansa noin vuoden v\u00e4lein. Tuolloin puntaroidaan ovatko yrityksen autopolitiikkaan m\u00e4\u00e4ritellyt rajat edelleen ajan tasalla ja realistiset, vai olisiko joitakin kohtia tarpeen p\u00e4ivitt\u00e4\u00e4.<\/p>\n<p>Jos kaipaat apua yrityksesi autopolitiikan suunnittelussa, p\u00e4ivityksess\u00e4 tai yll\u00e4pidossa, NF Fleetin tiimi auttaa sinua mielell\u00e4\u00e4n. Asiantuntijoiltamme saat aina parhaat vinkit ja tuoretta tietoa alan uutuuksista sek\u00e4 kehityksen suunnasta. <a href=\"https:\/\/autoleasing.fi\/yrityksille\/nf-fleet\/yhteystiedot\/\" rel=\"noopener\">Ota yhteytt\u00e4 NF Fleetin asiakaspalveluun<\/a>.<\/p>\n","protected":false},"excerpt":{"rendered":"<p>Hyvin suunnitellun autopolitiikan avulla on mahdollisuus huomattaviin kustannuss\u00e4\u00e4st\u00f6ihin. Kun autopolitiikka sovitetaan lis\u00e4ksi tukemaan yrityksen arvoja ja vastuullisuustavoitteita, voidaan vaikuttaa kustannusten lis\u00e4ksi my\u00f6s ymp\u00e4rist\u00f6\u00f6n, ty\u00f6hyvinvointiin sek\u00e4 yrityksen imagoon. Vastuullinen ja ymp\u00e4rist\u00f6yst\u00e4v\u00e4llinen autopolitiikka on useilla toimialoilla jopa kilpailuetu. Hyvin suunniteltu autopolitiikka vapauttaa lis\u00e4ksi aikaa varsinaiseen liiketoimintaan; kun yrityksen autoiluun liittyv\u00e4t asiat on suunniteltu ja kirjattu, on kaikilla [&hellip;]<\/p>\n","protected":false},"author":1,"featured_media":6181,"comment_status":"closed","ping_status":"closed","sticky":false,"template":"","format":"standard","meta":{"_acf_changed":false,"footnotes":""},"categories":[11],"tags":[],"class_list":["post-6180","post","type-post","status-publish","format-standard","has-post-thumbnail","hentry","category-ajankohtainen"],"acf":[],"yoast_head":"<!-- This site is optimized with the Yoast SEO plugin v27.2 - https:\/\/yoast.com\/product\/yoast-seo-wordpress\/ -->\n<title>Hyvin suunniteltu ja vastuullinen autopolitiikka - Autoleasing \u2013 Yrityksille<\/title>\n<meta name=\"robots\" content=\"index, follow, max-snippet:-1, max-image-preview:large, max-video-preview:-1\" \/>\n<link rel=\"canonical\" href=\"https:\/\/autoleasing.fi\/yrityksille\/ajankohtaista\/hyvin-suunniteltu-ja-vastuullinen-autopolitiikka\/\" \/>\n<meta property=\"og:locale\" content=\"fi_FI\" \/>\n<meta property=\"og:type\" content=\"article\" \/>\n<meta property=\"og:title\" content=\"Hyvin suunniteltu ja vastuullinen autopolitiikka - Autoleasing \u2013 Yrityksille\" \/>\n<meta property=\"og:description\" content=\"Hyvin suunnitellun autopolitiikan avulla on mahdollisuus huomattaviin kustannuss\u00e4\u00e4st\u00f6ihin. Kun autopolitiikka sovitetaan lis\u00e4ksi tukemaan yrityksen arvoja ja vastuullisuustavoitteita, voidaan vaikuttaa kustannusten lis\u00e4ksi my\u00f6s ymp\u00e4rist\u00f6\u00f6n, ty\u00f6hyvinvointiin sek\u00e4 yrityksen imagoon. Vastuullinen ja ymp\u00e4rist\u00f6yst\u00e4v\u00e4llinen autopolitiikka on useilla toimialoilla jopa kilpailuetu. Hyvin suunniteltu autopolitiikka vapauttaa lis\u00e4ksi aikaa varsinaiseen liiketoimintaan; kun yrityksen autoiluun liittyv\u00e4t asiat on suunniteltu ja kirjattu, on kaikilla [&hellip;]\" \/>\n<meta property=\"og:url\" content=\"https:\/\/autoleasing.fi\/yrityksille\/ajankohtaista\/hyvin-suunniteltu-ja-vastuullinen-autopolitiikka\/\" \/>\n<meta property=\"og:site_name\" content=\"Autoleasing \u2013 Yrityksille\" \/>\n<meta property=\"article:published_time\" content=\"2024-06-26T12:17:08+00:00\" \/>\n<meta property=\"og:image\" content=\"https:\/\/autoleasing.fi\/yrityksille\/wp-content\/uploads\/2024\/06\/image001.jpg\" \/>\n\t<meta property=\"og:image:width\" content=\"1024\" \/>\n\t<meta property=\"og:image:height\" content=\"540\" \/>\n\t<meta property=\"og:image:type\" content=\"image\/jpeg\" \/>\n<meta name=\"author\" content=\"Paasonen Jani\" \/>\n<meta name=\"twitter:card\" content=\"summary_large_image\" \/>\n<meta name=\"twitter:label1\" content=\"Kirjoittanut\" \/>\n\t<meta name=\"twitter:data1\" content=\"Paasonen Jani\" \/>\n\t<meta name=\"twitter:label2\" content=\"Arvioitu lukuaika\" \/>\n\t<meta name=\"twitter:data2\" content=\"3 minuuttia\" \/>\n<script type=\"application\/ld+json\" class=\"yoast-schema-graph\">{\"@context\":\"https:\/\/schema.org\",\"@graph\":[{\"@type\":\"Article\",\"@id\":\"https:\/\/autoleasing.fi\/yrityksille\/ajankohtaista\/hyvin-suunniteltu-ja-vastuullinen-autopolitiikka\/#article\",\"isPartOf\":{\"@id\":\"https:\/\/autoleasing.fi\/yrityksille\/ajankohtaista\/hyvin-suunniteltu-ja-vastuullinen-autopolitiikka\/\"},\"author\":{\"name\":\"Paasonen Jani\",\"@id\":\"https:\/\/autoleasing.fi\/yrityksille\/#\/schema\/person\/d33f3214ec8931bae88207609659dce5\"},\"headline\":\"Hyvin suunniteltu ja vastuullinen autopolitiikka\",\"datePublished\":\"2024-06-26T12:17:08+00:00\",\"mainEntityOfPage\":{\"@id\":\"https:\/\/autoleasing.fi\/yrityksille\/ajankohtaista\/hyvin-suunniteltu-ja-vastuullinen-autopolitiikka\/\"},\"wordCount\":498,\"publisher\":{\"@id\":\"https:\/\/autoleasing.fi\/yrityksille\/#organization\"},\"image\":{\"@id\":\"https:\/\/autoleasing.fi\/yrityksille\/ajankohtaista\/hyvin-suunniteltu-ja-vastuullinen-autopolitiikka\/#primaryimage\"},\"thumbnailUrl\":\"https:\/\/autoleasing.fi\/yrityksille\/wp-content\/uploads\/2024\/06\/image001.jpg\",\"articleSection\":[\"Ajankohtainen\"],\"inLanguage\":\"fi\"},{\"@type\":\"WebPage\",\"@id\":\"https:\/\/autoleasing.fi\/yrityksille\/ajankohtaista\/hyvin-suunniteltu-ja-vastuullinen-autopolitiikka\/\",\"url\":\"https:\/\/autoleasing.fi\/yrityksille\/ajankohtaista\/hyvin-suunniteltu-ja-vastuullinen-autopolitiikka\/\",\"name\":\"Hyvin suunniteltu ja vastuullinen autopolitiikka - Autoleasing \u2013 Yrityksille\",\"isPartOf\":{\"@id\":\"https:\/\/autoleasing.fi\/yrityksille\/#website\"},\"primaryImageOfPage\":{\"@id\":\"https:\/\/autoleasing.fi\/yrityksille\/ajankohtaista\/hyvin-suunniteltu-ja-vastuullinen-autopolitiikka\/#primaryimage\"},\"image\":{\"@id\":\"https:\/\/autoleasing.fi\/yrityksille\/ajankohtaista\/hyvin-suunniteltu-ja-vastuullinen-autopolitiikka\/#primaryimage\"},\"thumbnailUrl\":\"https:\/\/autoleasing.fi\/yrityksille\/wp-content\/uploads\/2024\/06\/image001.jpg\",\"datePublished\":\"2024-06-26T12:17:08+00:00\",\"breadcrumb\":{\"@id\":\"https:\/\/autoleasing.fi\/yrityksille\/ajankohtaista\/hyvin-suunniteltu-ja-vastuullinen-autopolitiikka\/#breadcrumb\"},\"inLanguage\":\"fi\",\"potentialAction\":[{\"@type\":\"ReadAction\",\"target\":[\"https:\/\/autoleasing.fi\/yrityksille\/ajankohtaista\/hyvin-suunniteltu-ja-vastuullinen-autopolitiikka\/\"]}]},{\"@type\":\"ImageObject\",\"inLanguage\":\"fi\",\"@id\":\"https:\/\/autoleasing.fi\/yrityksille\/ajankohtaista\/hyvin-suunniteltu-ja-vastuullinen-autopolitiikka\/#primaryimage\",\"url\":\"https:\/\/autoleasing.fi\/yrityksille\/wp-content\/uploads\/2024\/06\/image001.jpg\",\"contentUrl\":\"https:\/\/autoleasing.fi\/yrityksille\/wp-content\/uploads\/2024\/06\/image001.jpg\",\"width\":1024,\"height\":540},{\"@type\":\"BreadcrumbList\",\"@id\":\"https:\/\/autoleasing.fi\/yrityksille\/ajankohtaista\/hyvin-suunniteltu-ja-vastuullinen-autopolitiikka\/#breadcrumb\",\"itemListElement\":[{\"@type\":\"ListItem\",\"position\":1,\"name\":\"Etusivu\",\"item\":\"https:\/\/autoleasing.fi\/yrityksille\/\"},{\"@type\":\"ListItem\",\"position\":2,\"name\":\"Hyvin suunniteltu ja vastuullinen autopolitiikka\"}]},{\"@type\":\"WebSite\",\"@id\":\"https:\/\/autoleasing.fi\/yrityksille\/#website\",\"url\":\"https:\/\/autoleasing.fi\/yrityksille\/\",\"name\":\"Autoleasing \u2013 Yrityksille\",\"description\":\"\",\"publisher\":{\"@id\":\"https:\/\/autoleasing.fi\/yrityksille\/#organization\"},\"potentialAction\":[{\"@type\":\"SearchAction\",\"target\":{\"@type\":\"EntryPoint\",\"urlTemplate\":\"https:\/\/autoleasing.fi\/yrityksille\/?s={search_term_string}\"},\"query-input\":{\"@type\":\"PropertyValueSpecification\",\"valueRequired\":true,\"valueName\":\"search_term_string\"}}],\"inLanguage\":\"fi\"},{\"@type\":\"Organization\",\"@id\":\"https:\/\/autoleasing.fi\/yrityksille\/#organization\",\"name\":\"Autoleasing \u2013 Yrityksille\",\"url\":\"https:\/\/autoleasing.fi\/yrityksille\/\",\"logo\":{\"@type\":\"ImageObject\",\"inLanguage\":\"fi\",\"@id\":\"https:\/\/autoleasing.fi\/yrityksille\/#\/schema\/logo\/image\/\",\"url\":\"https:\/\/autoleasing.fi\/yrityksille\/wp-content\/uploads\/2023\/05\/happy-young-woman-looking-out-of-car-window-2.jpg\",\"contentUrl\":\"https:\/\/autoleasing.fi\/yrityksille\/wp-content\/uploads\/2023\/05\/happy-young-woman-looking-out-of-car-window-2.jpg\",\"width\":1600,\"height\":1157,\"caption\":\"Autoleasing \u2013 Yrityksille\"},\"image\":{\"@id\":\"https:\/\/autoleasing.fi\/yrityksille\/#\/schema\/logo\/image\/\"},\"sameAs\":[\"https:\/\/fi.linkedin.com\/company\/nffleetfinland\"]},{\"@type\":\"Person\",\"@id\":\"https:\/\/autoleasing.fi\/yrityksille\/#\/schema\/person\/d33f3214ec8931bae88207609659dce5\",\"name\":\"Paasonen Jani\",\"image\":{\"@type\":\"ImageObject\",\"inLanguage\":\"fi\",\"@id\":\"https:\/\/secure.gravatar.com\/avatar\/8207785fe087d850ef209f98d3628924a1ddab106901405902e3c29d1dd9c127?s=96&d=mm&r=g\",\"url\":\"https:\/\/secure.gravatar.com\/avatar\/8207785fe087d850ef209f98d3628924a1ddab106901405902e3c29d1dd9c127?s=96&d=mm&r=g\",\"contentUrl\":\"https:\/\/secure.gravatar.com\/avatar\/8207785fe087d850ef209f98d3628924a1ddab106901405902e3c29d1dd9c127?s=96&d=mm&r=g\",\"caption\":\"Paasonen Jani\"}}]}<\/script>\n<!-- \/ Yoast SEO plugin. -->","yoast_head_json":{"title":"Hyvin suunniteltu ja vastuullinen autopolitiikka - Autoleasing \u2013 Yrityksille","robots":{"index":"index","follow":"follow","max-snippet":"max-snippet:-1","max-image-preview":"max-image-preview:large","max-video-preview":"max-video-preview:-1"},"canonical":"https:\/\/autoleasing.fi\/yrityksille\/ajankohtaista\/hyvin-suunniteltu-ja-vastuullinen-autopolitiikka\/","og_locale":"fi_FI","og_type":"article","og_title":"Hyvin suunniteltu ja vastuullinen autopolitiikka - Autoleasing \u2013 Yrityksille","og_description":"Hyvin suunnitellun autopolitiikan avulla on mahdollisuus huomattaviin kustannuss\u00e4\u00e4st\u00f6ihin. Kun autopolitiikka sovitetaan lis\u00e4ksi tukemaan yrityksen arvoja ja vastuullisuustavoitteita, voidaan vaikuttaa kustannusten lis\u00e4ksi my\u00f6s ymp\u00e4rist\u00f6\u00f6n, ty\u00f6hyvinvointiin sek\u00e4 yrityksen imagoon. Vastuullinen ja ymp\u00e4rist\u00f6yst\u00e4v\u00e4llinen autopolitiikka on useilla toimialoilla jopa kilpailuetu. Hyvin suunniteltu autopolitiikka vapauttaa lis\u00e4ksi aikaa varsinaiseen liiketoimintaan; kun yrityksen autoiluun liittyv\u00e4t asiat on suunniteltu ja kirjattu, on kaikilla [&hellip;]","og_url":"https:\/\/autoleasing.fi\/yrityksille\/ajankohtaista\/hyvin-suunniteltu-ja-vastuullinen-autopolitiikka\/","og_site_name":"Autoleasing \u2013 Yrityksille","article_published_time":"2024-06-26T12:17:08+00:00","og_image":[{"width":1024,"height":540,"url":"https:\/\/autoleasing.fi\/yrityksille\/wp-content\/uploads\/2024\/06\/image001.jpg","type":"image\/jpeg"}],"author":"Paasonen Jani","twitter_card":"summary_large_image","twitter_misc":{"Kirjoittanut":"Paasonen Jani","Arvioitu lukuaika":"3 minuuttia"},"schema":{"@context":"https:\/\/schema.org","@graph":[{"@type":"Article","@id":"https:\/\/autoleasing.fi\/yrityksille\/ajankohtaista\/hyvin-suunniteltu-ja-vastuullinen-autopolitiikka\/#article","isPartOf":{"@id":"https:\/\/autoleasing.fi\/yrityksille\/ajankohtaista\/hyvin-suunniteltu-ja-vastuullinen-autopolitiikka\/"},"author":{"name":"Paasonen Jani","@id":"https:\/\/autoleasing.fi\/yrityksille\/#\/schema\/person\/d33f3214ec8931bae88207609659dce5"},"headline":"Hyvin suunniteltu ja vastuullinen autopolitiikka","datePublished":"2024-06-26T12:17:08+00:00","mainEntityOfPage":{"@id":"https:\/\/autoleasing.fi\/yrityksille\/ajankohtaista\/hyvin-suunniteltu-ja-vastuullinen-autopolitiikka\/"},"wordCount":498,"publisher":{"@id":"https:\/\/autoleasing.fi\/yrityksille\/#organization"},"image":{"@id":"https:\/\/autoleasing.fi\/yrityksille\/ajankohtaista\/hyvin-suunniteltu-ja-vastuullinen-autopolitiikka\/#primaryimage"},"thumbnailUrl":"https:\/\/autoleasing.fi\/yrityksille\/wp-content\/uploads\/2024\/06\/image001.jpg","articleSection":["Ajankohtainen"],"inLanguage":"fi"},{"@type":"WebPage","@id":"https:\/\/autoleasing.fi\/yrityksille\/ajankohtaista\/hyvin-suunniteltu-ja-vastuullinen-autopolitiikka\/","url":"https:\/\/autoleasing.fi\/yrityksille\/ajankohtaista\/hyvin-suunniteltu-ja-vastuullinen-autopolitiikka\/","name":"Hyvin suunniteltu ja vastuullinen autopolitiikka - Autoleasing \u2013 Yrityksille","isPartOf":{"@id":"https:\/\/autoleasing.fi\/yrityksille\/#website"},"primaryImageOfPage":{"@id":"https:\/\/autoleasing.fi\/yrityksille\/ajankohtaista\/hyvin-suunniteltu-ja-vastuullinen-autopolitiikka\/#primaryimage"},"image":{"@id":"https:\/\/autoleasing.fi\/yrityksille\/ajankohtaista\/hyvin-suunniteltu-ja-vastuullinen-autopolitiikka\/#primaryimage"},"thumbnailUrl":"https:\/\/autoleasing.fi\/yrityksille\/wp-content\/uploads\/2024\/06\/image001.jpg","datePublished":"2024-06-26T12:17:08+00:00","breadcrumb":{"@id":"https:\/\/autoleasing.fi\/yrityksille\/ajankohtaista\/hyvin-suunniteltu-ja-vastuullinen-autopolitiikka\/#breadcrumb"},"inLanguage":"fi","potentialAction":[{"@type":"ReadAction","target":["https:\/\/autoleasing.fi\/yrityksille\/ajankohtaista\/hyvin-suunniteltu-ja-vastuullinen-autopolitiikka\/"]}]},{"@type":"ImageObject","inLanguage":"fi","@id":"https:\/\/autoleasing.fi\/yrityksille\/ajankohtaista\/hyvin-suunniteltu-ja-vastuullinen-autopolitiikka\/#primaryimage","url":"https:\/\/autoleasing.fi\/yrityksille\/wp-content\/uploads\/2024\/06\/image001.jpg","contentUrl":"https:\/\/autoleasing.fi\/yrityksille\/wp-content\/uploads\/2024\/06\/image001.jpg","width":1024,"height":540},{"@type":"BreadcrumbList","@id":"https:\/\/autoleasing.fi\/yrityksille\/ajankohtaista\/hyvin-suunniteltu-ja-vastuullinen-autopolitiikka\/#breadcrumb","itemListElement":[{"@type":"ListItem","position":1,"name":"Etusivu","item":"https:\/\/autoleasing.fi\/yrityksille\/"},{"@type":"ListItem","position":2,"name":"Hyvin suunniteltu ja vastuullinen autopolitiikka"}]},{"@type":"WebSite","@id":"https:\/\/autoleasing.fi\/yrityksille\/#website","url":"https:\/\/autoleasing.fi\/yrityksille\/","name":"Autoleasing \u2013 Yrityksille","description":"","publisher":{"@id":"https:\/\/autoleasing.fi\/yrityksille\/#organization"},"potentialAction":[{"@type":"SearchAction","target":{"@type":"EntryPoint","urlTemplate":"https:\/\/autoleasing.fi\/yrityksille\/?s={search_term_string}"},"query-input":{"@type":"PropertyValueSpecification","valueRequired":true,"valueName":"search_term_string"}}],"inLanguage":"fi"},{"@type":"Organization","@id":"https:\/\/autoleasing.fi\/yrityksille\/#organization","name":"Autoleasing \u2013 Yrityksille","url":"https:\/\/autoleasing.fi\/yrityksille\/","logo":{"@type":"ImageObject","inLanguage":"fi","@id":"https:\/\/autoleasing.fi\/yrityksille\/#\/schema\/logo\/image\/","url":"https:\/\/autoleasing.fi\/yrityksille\/wp-content\/uploads\/2023\/05\/happy-young-woman-looking-out-of-car-window-2.jpg","contentUrl":"https:\/\/autoleasing.fi\/yrityksille\/wp-content\/uploads\/2023\/05\/happy-young-woman-looking-out-of-car-window-2.jpg","width":1600,"height":1157,"caption":"Autoleasing \u2013 Yrityksille"},"image":{"@id":"https:\/\/autoleasing.fi\/yrityksille\/#\/schema\/logo\/image\/"},"sameAs":["https:\/\/fi.linkedin.com\/company\/nffleetfinland"]},{"@type":"Person","@id":"https:\/\/autoleasing.fi\/yrityksille\/#\/schema\/person\/d33f3214ec8931bae88207609659dce5","name":"Paasonen Jani","image":{"@type":"ImageObject","inLanguage":"fi","@id":"https:\/\/secure.gravatar.com\/avatar\/8207785fe087d850ef209f98d3628924a1ddab106901405902e3c29d1dd9c127?s=96&d=mm&r=g","url":"https:\/\/secure.gravatar.com\/avatar\/8207785fe087d850ef209f98d3628924a1ddab106901405902e3c29d1dd9c127?s=96&d=mm&r=g","contentUrl":"https:\/\/secure.gravatar.com\/avatar\/8207785fe087d850ef209f98d3628924a1ddab106901405902e3c29d1dd9c127?s=96&d=mm&r=g","caption":"Paasonen Jani"}}]}},"_links":{"self":[{"href":"https:\/\/autoleasing.fi\/yrityksille\/wp-json\/wp\/v2\/posts\/6180","targetHints":{"allow":["GET"]}}],"collection":[{"href":"https:\/\/autoleasing.fi\/yrityksille\/wp-json\/wp\/v2\/posts"}],"about":[{"href":"https:\/\/autoleasing.fi\/yrityksille\/wp-json\/wp\/v2\/types\/post"}],"author":[{"embeddable":true,"href":"https:\/\/autoleasing.fi\/yrityksille\/wp-json\/wp\/v2\/users\/1"}],"replies":[{"embeddable":true,"href":"https:\/\/autoleasing.fi\/yrityksille\/wp-json\/wp\/v2\/comments?post=6180"}],"version-history":[{"count":1,"href":"https:\/\/autoleasing.fi\/yrityksille\/wp-json\/wp\/v2\/posts\/6180\/revisions"}],"predecessor-version":[{"id":6182,"href":"https:\/\/autoleasing.fi\/yrityksille\/wp-json\/wp\/v2\/posts\/6180\/revisions\/6182"}],"wp:featuredmedia":[{"embeddable":true,"href":"https:\/\/autoleasing.fi\/yrityksille\/wp-json\/wp\/v2\/media\/6181"}],"wp:attachment":[{"href":"https:\/\/autoleasing.fi\/yrityksille\/wp-json\/wp\/v2\/media?parent=6180"}],"wp:term":[{"taxonomy":"category","embeddable":true,"href":"https:\/\/autoleasing.fi\/yrityksille\/wp-json\/wp\/v2\/categories?post=6180"},{"taxonomy":"post_tag","embeddable":true,"href":"https:\/\/autoleasing.fi\/yrityksille\/wp-json\/wp\/v2\/tags?post=6180"}],"curies":[{"name":"wp","href":"https:\/\/api.w.org\/{rel}","templated":true}]}}