{"id":6123,"date":"2024-04-25T11:39:03","date_gmt":"2024-04-25T08:39:03","guid":{"rendered":"https:\/\/autoleasing.fi\/yrityksille\/?p=6123"},"modified":"2024-04-25T11:39:03","modified_gmt":"2024-04-25T08:39:03","slug":"hallitus-jatkaa-tayssahkoisten-tyosuhdeautojen-verokannustetta","status":"publish","type":"post","link":"https:\/\/autoleasing.fi\/yrityksille\/ajankohtaista\/hallitus-jatkaa-tayssahkoisten-tyosuhdeautojen-verokannustetta\/","title":{"rendered":"Hallitus jatkaa t\u00e4yss\u00e4hk\u00f6isten ty\u00f6suhdeautojen verokannustetta"},"content":{"rendered":"<p>Hallitus on kehysriihess\u00e4\u00e4n linjannut kannustavansa Suomen autokannan s\u00e4hk\u00f6istymist\u00e4. Verokannustetta jatketaan vuosina 2026-2029. Kannuste on toteutettu siten, ett\u00e4 t\u00e4yss\u00e4hk\u00f6auton verotusarvosta v\u00e4hennet\u00e4\u00e4n tuloverotuksessa 170 euroa kuukaudessa.<\/p>\n<p>Verokannuste on merkitt\u00e4v\u00e4 ty\u00f6suhdeautoilijalle, ja onkin t\u00e4rke\u00e4\u00e4, ett\u00e4 sen jatkosta p\u00e4\u00e4tettiin jo nyt. Moni ty\u00f6suhdeautoa harkitseva olisi saattanut j\u00e4tt\u00e4\u00e4 s\u00e4hk\u00f6auton hankkimatta ilman jatkop\u00e4\u00e4t\u00f6st\u00e4. Autoalan Tiedotuskeskuksen helmi-maaliskuussa teett\u00e4m\u00e4n tutkimuksen mukaan vain noin kolmannes t\u00e4yss\u00e4hk\u00f6isen ty\u00f6suhdeauton hankkineista jatkaisi t\u00e4yss\u00e4hk\u00f6isell\u00e4 ty\u00f6suhdeautolla ajoa, mik\u00e4li verokannuste poistuisi kokonaan.<\/p>\n<p>Ty\u00f6suhdeautojen merkitys autokannan uudistumiseen on merkitt\u00e4v\u00e4. Vaikka Suomen autokannassa on vain noin 80 000 ty\u00f6suhdeautoa, on niiden kierto vilkasta. Keskim\u00e4\u00e4rin 20-25 prosenttia ensirekister\u00f6idyist\u00e4 autoista on ty\u00f6suhdeautoja. <a href=\"https:\/\/www.aut.fi\/ajankohtaista\/tiedotteet\/hallitus_jatkaa_tayssahkoisten_tyosuhdeautojen_verokannustetta.3556.news\" target=\"_blank\" rel=\"noopener\">Voit lukea lis\u00e4\u00e4 Autoalan Tiedotuskeskuksen tiedotteesta.<\/a><\/p>\n<p>Me NF Fleetill\u00e4 haluamme auttaa asiakkaitamme tekem\u00e4\u00e4n ymp\u00e4rist\u00f6yst\u00e4v\u00e4llisi\u00e4 ja vastuullisia liikkumisratkaisuja. Asiantuntemuksemme ja kokemuksemme ovat k\u00e4ytett\u00e4viss\u00e4si. Meilt\u00e4 saat my\u00f6s tukea ja ohjausta yrityksesi vastuulliseen autopolitiikkaan. Nyky\u00e4\u00e4n asiakkaamme valitsevat entist\u00e4 useammin ty\u00f6suhdeautoiksi my\u00f6s t\u00e4yss\u00e4hk\u00f6-, hybridi- tai lataushybridiautoja. Tutustu <a href=\"https:\/\/autoleasing.fi\/yrityksille\/autoleasing\/leasingautot\/\" target=\"_blank\" rel=\"noopener\">ymp\u00e4rist\u00f6yst\u00e4v\u00e4llisiin leasingautoesimerkkeihin<\/a> sek\u00e4 sujuvaan koko maan kattavaan <a href=\"https:\/\/autoleasing.fi\/yrityksille\/lisapalvelut\/electric-latauspalvelu\/\" target=\"_blank\" rel=\"noopener\">Electric-latauspalveluun<\/a> sivuillamme.<\/p>\n<p>Olisiko teid\u00e4nkin yrityksess\u00e4nne aika siirty\u00e4 s\u00e4hk\u00f6isemp\u00e4\u00e4n yritysautoiluun? <a href=\"https:\/\/autoleasing.fi\/yrityksille\/nf-fleet\/yhteystiedot\/\" target=\"_blank\" rel=\"noopener\">Ota yhteytt\u00e4 palvelevaan tiimiimme!<\/a><\/p>\n","protected":false},"excerpt":{"rendered":"<p>Hallitus on kehysriihess\u00e4\u00e4n linjannut kannustavansa Suomen autokannan s\u00e4hk\u00f6istymist\u00e4. Verokannustetta jatketaan vuosina 2026-2029. Kannuste on toteutettu siten, ett\u00e4 t\u00e4yss\u00e4hk\u00f6auton verotusarvosta v\u00e4hennet\u00e4\u00e4n tuloverotuksessa 170 euroa kuukaudessa. Verokannuste on merkitt\u00e4v\u00e4 ty\u00f6suhdeautoilijalle, ja onkin t\u00e4rke\u00e4\u00e4, ett\u00e4 sen jatkosta p\u00e4\u00e4tettiin jo nyt. Moni ty\u00f6suhdeautoa harkitseva olisi saattanut j\u00e4tt\u00e4\u00e4 s\u00e4hk\u00f6auton hankkimatta ilman jatkop\u00e4\u00e4t\u00f6st\u00e4. Autoalan Tiedotuskeskuksen helmi-maaliskuussa teett\u00e4m\u00e4n tutkimuksen mukaan vain noin [&hellip;]<\/p>\n","protected":false},"author":1,"featured_media":6125,"comment_status":"closed","ping_status":"closed","sticky":false,"template":"","format":"standard","meta":{"_acf_changed":false,"footnotes":""},"categories":[11],"tags":[],"class_list":["post-6123","post","type-post","status-publish","format-standard","has-post-thumbnail","hentry","category-ajankohtainen"],"acf":[],"yoast_head":"<!-- This site is optimized with the Yoast SEO plugin v27.2 - https:\/\/yoast.com\/product\/yoast-seo-wordpress\/ -->\n<title>Hallitus jatkaa t\u00e4yss\u00e4hk\u00f6isten ty\u00f6suhdeautojen verokannustetta - Autoleasing \u2013 Yrityksille<\/title>\n<meta name=\"robots\" content=\"index, follow, max-snippet:-1, max-image-preview:large, max-video-preview:-1\" \/>\n<link rel=\"canonical\" href=\"https:\/\/autoleasing.fi\/yrityksille\/ajankohtaista\/hallitus-jatkaa-tayssahkoisten-tyosuhdeautojen-verokannustetta\/\" \/>\n<meta property=\"og:locale\" content=\"fi_FI\" \/>\n<meta property=\"og:type\" content=\"article\" \/>\n<meta property=\"og:title\" content=\"Hallitus jatkaa t\u00e4yss\u00e4hk\u00f6isten ty\u00f6suhdeautojen verokannustetta - Autoleasing \u2013 Yrityksille\" \/>\n<meta property=\"og:description\" content=\"Hallitus on kehysriihess\u00e4\u00e4n linjannut kannustavansa Suomen autokannan s\u00e4hk\u00f6istymist\u00e4. Verokannustetta jatketaan vuosina 2026-2029. Kannuste on toteutettu siten, ett\u00e4 t\u00e4yss\u00e4hk\u00f6auton verotusarvosta v\u00e4hennet\u00e4\u00e4n tuloverotuksessa 170 euroa kuukaudessa. Verokannuste on merkitt\u00e4v\u00e4 ty\u00f6suhdeautoilijalle, ja onkin t\u00e4rke\u00e4\u00e4, ett\u00e4 sen jatkosta p\u00e4\u00e4tettiin jo nyt. Moni ty\u00f6suhdeautoa harkitseva olisi saattanut j\u00e4tt\u00e4\u00e4 s\u00e4hk\u00f6auton hankkimatta ilman jatkop\u00e4\u00e4t\u00f6st\u00e4. Autoalan Tiedotuskeskuksen helmi-maaliskuussa teett\u00e4m\u00e4n tutkimuksen mukaan vain noin [&hellip;]\" \/>\n<meta property=\"og:url\" content=\"https:\/\/autoleasing.fi\/yrityksille\/ajankohtaista\/hallitus-jatkaa-tayssahkoisten-tyosuhdeautojen-verokannustetta\/\" \/>\n<meta property=\"og:site_name\" content=\"Autoleasing \u2013 Yrityksille\" \/>\n<meta property=\"article:published_time\" content=\"2024-04-25T08:39:03+00:00\" \/>\n<meta property=\"og:image\" content=\"https:\/\/autoleasing.fi\/yrityksille\/wp-content\/uploads\/2024\/04\/kuva-veroartikkeli.jpg\" \/>\n\t<meta property=\"og:image:width\" content=\"1024\" \/>\n\t<meta property=\"og:image:height\" content=\"540\" \/>\n\t<meta property=\"og:image:type\" content=\"image\/jpeg\" \/>\n<meta name=\"author\" content=\"Paasonen Jani\" \/>\n<meta name=\"twitter:card\" content=\"summary_large_image\" \/>\n<meta name=\"twitter:label1\" content=\"Kirjoittanut\" \/>\n\t<meta name=\"twitter:data1\" content=\"Paasonen Jani\" \/>\n\t<meta name=\"twitter:label2\" content=\"Arvioitu lukuaika\" \/>\n\t<meta name=\"twitter:data2\" content=\"2 minuuttia\" \/>\n<script type=\"application\/ld+json\" class=\"yoast-schema-graph\">{\"@context\":\"https:\/\/schema.org\",\"@graph\":[{\"@type\":\"Article\",\"@id\":\"https:\/\/autoleasing.fi\/yrityksille\/ajankohtaista\/hallitus-jatkaa-tayssahkoisten-tyosuhdeautojen-verokannustetta\/#article\",\"isPartOf\":{\"@id\":\"https:\/\/autoleasing.fi\/yrityksille\/ajankohtaista\/hallitus-jatkaa-tayssahkoisten-tyosuhdeautojen-verokannustetta\/\"},\"author\":{\"name\":\"Paasonen Jani\",\"@id\":\"https:\/\/autoleasing.fi\/yrityksille\/#\/schema\/person\/d33f3214ec8931bae88207609659dce5\"},\"headline\":\"Hallitus jatkaa t\u00e4yss\u00e4hk\u00f6isten ty\u00f6suhdeautojen verokannustetta\",\"datePublished\":\"2024-04-25T08:39:03+00:00\",\"mainEntityOfPage\":{\"@id\":\"https:\/\/autoleasing.fi\/yrityksille\/ajankohtaista\/hallitus-jatkaa-tayssahkoisten-tyosuhdeautojen-verokannustetta\/\"},\"wordCount\":221,\"publisher\":{\"@id\":\"https:\/\/autoleasing.fi\/yrityksille\/#organization\"},\"image\":{\"@id\":\"https:\/\/autoleasing.fi\/yrityksille\/ajankohtaista\/hallitus-jatkaa-tayssahkoisten-tyosuhdeautojen-verokannustetta\/#primaryimage\"},\"thumbnailUrl\":\"https:\/\/autoleasing.fi\/yrityksille\/wp-content\/uploads\/2024\/04\/kuva-veroartikkeli.jpg\",\"articleSection\":[\"Ajankohtainen\"],\"inLanguage\":\"fi\"},{\"@type\":\"WebPage\",\"@id\":\"https:\/\/autoleasing.fi\/yrityksille\/ajankohtaista\/hallitus-jatkaa-tayssahkoisten-tyosuhdeautojen-verokannustetta\/\",\"url\":\"https:\/\/autoleasing.fi\/yrityksille\/ajankohtaista\/hallitus-jatkaa-tayssahkoisten-tyosuhdeautojen-verokannustetta\/\",\"name\":\"Hallitus jatkaa t\u00e4yss\u00e4hk\u00f6isten ty\u00f6suhdeautojen verokannustetta - Autoleasing \u2013 Yrityksille\",\"isPartOf\":{\"@id\":\"https:\/\/autoleasing.fi\/yrityksille\/#website\"},\"primaryImageOfPage\":{\"@id\":\"https:\/\/autoleasing.fi\/yrityksille\/ajankohtaista\/hallitus-jatkaa-tayssahkoisten-tyosuhdeautojen-verokannustetta\/#primaryimage\"},\"image\":{\"@id\":\"https:\/\/autoleasing.fi\/yrityksille\/ajankohtaista\/hallitus-jatkaa-tayssahkoisten-tyosuhdeautojen-verokannustetta\/#primaryimage\"},\"thumbnailUrl\":\"https:\/\/autoleasing.fi\/yrityksille\/wp-content\/uploads\/2024\/04\/kuva-veroartikkeli.jpg\",\"datePublished\":\"2024-04-25T08:39:03+00:00\",\"breadcrumb\":{\"@id\":\"https:\/\/autoleasing.fi\/yrityksille\/ajankohtaista\/hallitus-jatkaa-tayssahkoisten-tyosuhdeautojen-verokannustetta\/#breadcrumb\"},\"inLanguage\":\"fi\",\"potentialAction\":[{\"@type\":\"ReadAction\",\"target\":[\"https:\/\/autoleasing.fi\/yrityksille\/ajankohtaista\/hallitus-jatkaa-tayssahkoisten-tyosuhdeautojen-verokannustetta\/\"]}]},{\"@type\":\"ImageObject\",\"inLanguage\":\"fi\",\"@id\":\"https:\/\/autoleasing.fi\/yrityksille\/ajankohtaista\/hallitus-jatkaa-tayssahkoisten-tyosuhdeautojen-verokannustetta\/#primaryimage\",\"url\":\"https:\/\/autoleasing.fi\/yrityksille\/wp-content\/uploads\/2024\/04\/kuva-veroartikkeli.jpg\",\"contentUrl\":\"https:\/\/autoleasing.fi\/yrityksille\/wp-content\/uploads\/2024\/04\/kuva-veroartikkeli.jpg\",\"width\":1024,\"height\":540},{\"@type\":\"BreadcrumbList\",\"@id\":\"https:\/\/autoleasing.fi\/yrityksille\/ajankohtaista\/hallitus-jatkaa-tayssahkoisten-tyosuhdeautojen-verokannustetta\/#breadcrumb\",\"itemListElement\":[{\"@type\":\"ListItem\",\"position\":1,\"name\":\"Etusivu\",\"item\":\"https:\/\/autoleasing.fi\/yrityksille\/\"},{\"@type\":\"ListItem\",\"position\":2,\"name\":\"Hallitus jatkaa t\u00e4yss\u00e4hk\u00f6isten ty\u00f6suhdeautojen verokannustetta\"}]},{\"@type\":\"WebSite\",\"@id\":\"https:\/\/autoleasing.fi\/yrityksille\/#website\",\"url\":\"https:\/\/autoleasing.fi\/yrityksille\/\",\"name\":\"Autoleasing \u2013 Yrityksille\",\"description\":\"\",\"publisher\":{\"@id\":\"https:\/\/autoleasing.fi\/yrityksille\/#organization\"},\"potentialAction\":[{\"@type\":\"SearchAction\",\"target\":{\"@type\":\"EntryPoint\",\"urlTemplate\":\"https:\/\/autoleasing.fi\/yrityksille\/?s={search_term_string}\"},\"query-input\":{\"@type\":\"PropertyValueSpecification\",\"valueRequired\":true,\"valueName\":\"search_term_string\"}}],\"inLanguage\":\"fi\"},{\"@type\":\"Organization\",\"@id\":\"https:\/\/autoleasing.fi\/yrityksille\/#organization\",\"name\":\"Autoleasing \u2013 Yrityksille\",\"url\":\"https:\/\/autoleasing.fi\/yrityksille\/\",\"logo\":{\"@type\":\"ImageObject\",\"inLanguage\":\"fi\",\"@id\":\"https:\/\/autoleasing.fi\/yrityksille\/#\/schema\/logo\/image\/\",\"url\":\"https:\/\/autoleasing.fi\/yrityksille\/wp-content\/uploads\/2023\/05\/happy-young-woman-looking-out-of-car-window-2.jpg\",\"contentUrl\":\"https:\/\/autoleasing.fi\/yrityksille\/wp-content\/uploads\/2023\/05\/happy-young-woman-looking-out-of-car-window-2.jpg\",\"width\":1600,\"height\":1157,\"caption\":\"Autoleasing \u2013 Yrityksille\"},\"image\":{\"@id\":\"https:\/\/autoleasing.fi\/yrityksille\/#\/schema\/logo\/image\/\"},\"sameAs\":[\"https:\/\/fi.linkedin.com\/company\/nffleetfinland\"]},{\"@type\":\"Person\",\"@id\":\"https:\/\/autoleasing.fi\/yrityksille\/#\/schema\/person\/d33f3214ec8931bae88207609659dce5\",\"name\":\"Paasonen Jani\",\"image\":{\"@type\":\"ImageObject\",\"inLanguage\":\"fi\",\"@id\":\"https:\/\/secure.gravatar.com\/avatar\/8207785fe087d850ef209f98d3628924a1ddab106901405902e3c29d1dd9c127?s=96&d=mm&r=g\",\"url\":\"https:\/\/secure.gravatar.com\/avatar\/8207785fe087d850ef209f98d3628924a1ddab106901405902e3c29d1dd9c127?s=96&d=mm&r=g\",\"contentUrl\":\"https:\/\/secure.gravatar.com\/avatar\/8207785fe087d850ef209f98d3628924a1ddab106901405902e3c29d1dd9c127?s=96&d=mm&r=g\",\"caption\":\"Paasonen Jani\"}}]}<\/script>\n<!-- \/ Yoast SEO plugin. -->","yoast_head_json":{"title":"Hallitus jatkaa t\u00e4yss\u00e4hk\u00f6isten ty\u00f6suhdeautojen verokannustetta - Autoleasing \u2013 Yrityksille","robots":{"index":"index","follow":"follow","max-snippet":"max-snippet:-1","max-image-preview":"max-image-preview:large","max-video-preview":"max-video-preview:-1"},"canonical":"https:\/\/autoleasing.fi\/yrityksille\/ajankohtaista\/hallitus-jatkaa-tayssahkoisten-tyosuhdeautojen-verokannustetta\/","og_locale":"fi_FI","og_type":"article","og_title":"Hallitus jatkaa t\u00e4yss\u00e4hk\u00f6isten ty\u00f6suhdeautojen verokannustetta - Autoleasing \u2013 Yrityksille","og_description":"Hallitus on kehysriihess\u00e4\u00e4n linjannut kannustavansa Suomen autokannan s\u00e4hk\u00f6istymist\u00e4. Verokannustetta jatketaan vuosina 2026-2029. Kannuste on toteutettu siten, ett\u00e4 t\u00e4yss\u00e4hk\u00f6auton verotusarvosta v\u00e4hennet\u00e4\u00e4n tuloverotuksessa 170 euroa kuukaudessa. Verokannuste on merkitt\u00e4v\u00e4 ty\u00f6suhdeautoilijalle, ja onkin t\u00e4rke\u00e4\u00e4, ett\u00e4 sen jatkosta p\u00e4\u00e4tettiin jo nyt. Moni ty\u00f6suhdeautoa harkitseva olisi saattanut j\u00e4tt\u00e4\u00e4 s\u00e4hk\u00f6auton hankkimatta ilman jatkop\u00e4\u00e4t\u00f6st\u00e4. Autoalan Tiedotuskeskuksen helmi-maaliskuussa teett\u00e4m\u00e4n tutkimuksen mukaan vain noin [&hellip;]","og_url":"https:\/\/autoleasing.fi\/yrityksille\/ajankohtaista\/hallitus-jatkaa-tayssahkoisten-tyosuhdeautojen-verokannustetta\/","og_site_name":"Autoleasing \u2013 Yrityksille","article_published_time":"2024-04-25T08:39:03+00:00","og_image":[{"width":1024,"height":540,"url":"https:\/\/autoleasing.fi\/yrityksille\/wp-content\/uploads\/2024\/04\/kuva-veroartikkeli.jpg","type":"image\/jpeg"}],"author":"Paasonen Jani","twitter_card":"summary_large_image","twitter_misc":{"Kirjoittanut":"Paasonen Jani","Arvioitu lukuaika":"2 minuuttia"},"schema":{"@context":"https:\/\/schema.org","@graph":[{"@type":"Article","@id":"https:\/\/autoleasing.fi\/yrityksille\/ajankohtaista\/hallitus-jatkaa-tayssahkoisten-tyosuhdeautojen-verokannustetta\/#article","isPartOf":{"@id":"https:\/\/autoleasing.fi\/yrityksille\/ajankohtaista\/hallitus-jatkaa-tayssahkoisten-tyosuhdeautojen-verokannustetta\/"},"author":{"name":"Paasonen Jani","@id":"https:\/\/autoleasing.fi\/yrityksille\/#\/schema\/person\/d33f3214ec8931bae88207609659dce5"},"headline":"Hallitus jatkaa t\u00e4yss\u00e4hk\u00f6isten ty\u00f6suhdeautojen verokannustetta","datePublished":"2024-04-25T08:39:03+00:00","mainEntityOfPage":{"@id":"https:\/\/autoleasing.fi\/yrityksille\/ajankohtaista\/hallitus-jatkaa-tayssahkoisten-tyosuhdeautojen-verokannustetta\/"},"wordCount":221,"publisher":{"@id":"https:\/\/autoleasing.fi\/yrityksille\/#organization"},"image":{"@id":"https:\/\/autoleasing.fi\/yrityksille\/ajankohtaista\/hallitus-jatkaa-tayssahkoisten-tyosuhdeautojen-verokannustetta\/#primaryimage"},"thumbnailUrl":"https:\/\/autoleasing.fi\/yrityksille\/wp-content\/uploads\/2024\/04\/kuva-veroartikkeli.jpg","articleSection":["Ajankohtainen"],"inLanguage":"fi"},{"@type":"WebPage","@id":"https:\/\/autoleasing.fi\/yrityksille\/ajankohtaista\/hallitus-jatkaa-tayssahkoisten-tyosuhdeautojen-verokannustetta\/","url":"https:\/\/autoleasing.fi\/yrityksille\/ajankohtaista\/hallitus-jatkaa-tayssahkoisten-tyosuhdeautojen-verokannustetta\/","name":"Hallitus jatkaa t\u00e4yss\u00e4hk\u00f6isten ty\u00f6suhdeautojen verokannustetta - Autoleasing \u2013 Yrityksille","isPartOf":{"@id":"https:\/\/autoleasing.fi\/yrityksille\/#website"},"primaryImageOfPage":{"@id":"https:\/\/autoleasing.fi\/yrityksille\/ajankohtaista\/hallitus-jatkaa-tayssahkoisten-tyosuhdeautojen-verokannustetta\/#primaryimage"},"image":{"@id":"https:\/\/autoleasing.fi\/yrityksille\/ajankohtaista\/hallitus-jatkaa-tayssahkoisten-tyosuhdeautojen-verokannustetta\/#primaryimage"},"thumbnailUrl":"https:\/\/autoleasing.fi\/yrityksille\/wp-content\/uploads\/2024\/04\/kuva-veroartikkeli.jpg","datePublished":"2024-04-25T08:39:03+00:00","breadcrumb":{"@id":"https:\/\/autoleasing.fi\/yrityksille\/ajankohtaista\/hallitus-jatkaa-tayssahkoisten-tyosuhdeautojen-verokannustetta\/#breadcrumb"},"inLanguage":"fi","potentialAction":[{"@type":"ReadAction","target":["https:\/\/autoleasing.fi\/yrityksille\/ajankohtaista\/hallitus-jatkaa-tayssahkoisten-tyosuhdeautojen-verokannustetta\/"]}]},{"@type":"ImageObject","inLanguage":"fi","@id":"https:\/\/autoleasing.fi\/yrityksille\/ajankohtaista\/hallitus-jatkaa-tayssahkoisten-tyosuhdeautojen-verokannustetta\/#primaryimage","url":"https:\/\/autoleasing.fi\/yrityksille\/wp-content\/uploads\/2024\/04\/kuva-veroartikkeli.jpg","contentUrl":"https:\/\/autoleasing.fi\/yrityksille\/wp-content\/uploads\/2024\/04\/kuva-veroartikkeli.jpg","width":1024,"height":540},{"@type":"BreadcrumbList","@id":"https:\/\/autoleasing.fi\/yrityksille\/ajankohtaista\/hallitus-jatkaa-tayssahkoisten-tyosuhdeautojen-verokannustetta\/#breadcrumb","itemListElement":[{"@type":"ListItem","position":1,"name":"Etusivu","item":"https:\/\/autoleasing.fi\/yrityksille\/"},{"@type":"ListItem","position":2,"name":"Hallitus jatkaa t\u00e4yss\u00e4hk\u00f6isten ty\u00f6suhdeautojen verokannustetta"}]},{"@type":"WebSite","@id":"https:\/\/autoleasing.fi\/yrityksille\/#website","url":"https:\/\/autoleasing.fi\/yrityksille\/","name":"Autoleasing \u2013 Yrityksille","description":"","publisher":{"@id":"https:\/\/autoleasing.fi\/yrityksille\/#organization"},"potentialAction":[{"@type":"SearchAction","target":{"@type":"EntryPoint","urlTemplate":"https:\/\/autoleasing.fi\/yrityksille\/?s={search_term_string}"},"query-input":{"@type":"PropertyValueSpecification","valueRequired":true,"valueName":"search_term_string"}}],"inLanguage":"fi"},{"@type":"Organization","@id":"https:\/\/autoleasing.fi\/yrityksille\/#organization","name":"Autoleasing \u2013 Yrityksille","url":"https:\/\/autoleasing.fi\/yrityksille\/","logo":{"@type":"ImageObject","inLanguage":"fi","@id":"https:\/\/autoleasing.fi\/yrityksille\/#\/schema\/logo\/image\/","url":"https:\/\/autoleasing.fi\/yrityksille\/wp-content\/uploads\/2023\/05\/happy-young-woman-looking-out-of-car-window-2.jpg","contentUrl":"https:\/\/autoleasing.fi\/yrityksille\/wp-content\/uploads\/2023\/05\/happy-young-woman-looking-out-of-car-window-2.jpg","width":1600,"height":1157,"caption":"Autoleasing \u2013 Yrityksille"},"image":{"@id":"https:\/\/autoleasing.fi\/yrityksille\/#\/schema\/logo\/image\/"},"sameAs":["https:\/\/fi.linkedin.com\/company\/nffleetfinland"]},{"@type":"Person","@id":"https:\/\/autoleasing.fi\/yrityksille\/#\/schema\/person\/d33f3214ec8931bae88207609659dce5","name":"Paasonen Jani","image":{"@type":"ImageObject","inLanguage":"fi","@id":"https:\/\/secure.gravatar.com\/avatar\/8207785fe087d850ef209f98d3628924a1ddab106901405902e3c29d1dd9c127?s=96&d=mm&r=g","url":"https:\/\/secure.gravatar.com\/avatar\/8207785fe087d850ef209f98d3628924a1ddab106901405902e3c29d1dd9c127?s=96&d=mm&r=g","contentUrl":"https:\/\/secure.gravatar.com\/avatar\/8207785fe087d850ef209f98d3628924a1ddab106901405902e3c29d1dd9c127?s=96&d=mm&r=g","caption":"Paasonen Jani"}}]}},"_links":{"self":[{"href":"https:\/\/autoleasing.fi\/yrityksille\/wp-json\/wp\/v2\/posts\/6123","targetHints":{"allow":["GET"]}}],"collection":[{"href":"https:\/\/autoleasing.fi\/yrityksille\/wp-json\/wp\/v2\/posts"}],"about":[{"href":"https:\/\/autoleasing.fi\/yrityksille\/wp-json\/wp\/v2\/types\/post"}],"author":[{"embeddable":true,"href":"https:\/\/autoleasing.fi\/yrityksille\/wp-json\/wp\/v2\/users\/1"}],"replies":[{"embeddable":true,"href":"https:\/\/autoleasing.fi\/yrityksille\/wp-json\/wp\/v2\/comments?post=6123"}],"version-history":[{"count":1,"href":"https:\/\/autoleasing.fi\/yrityksille\/wp-json\/wp\/v2\/posts\/6123\/revisions"}],"predecessor-version":[{"id":6124,"href":"https:\/\/autoleasing.fi\/yrityksille\/wp-json\/wp\/v2\/posts\/6123\/revisions\/6124"}],"wp:featuredmedia":[{"embeddable":true,"href":"https:\/\/autoleasing.fi\/yrityksille\/wp-json\/wp\/v2\/media\/6125"}],"wp:attachment":[{"href":"https:\/\/autoleasing.fi\/yrityksille\/wp-json\/wp\/v2\/media?parent=6123"}],"wp:term":[{"taxonomy":"category","embeddable":true,"href":"https:\/\/autoleasing.fi\/yrityksille\/wp-json\/wp\/v2\/categories?post=6123"},{"taxonomy":"post_tag","embeddable":true,"href":"https:\/\/autoleasing.fi\/yrityksille\/wp-json\/wp\/v2\/tags?post=6123"}],"curies":[{"name":"wp","href":"https:\/\/api.w.org\/{rel}","templated":true}]}}