{"id":5527,"date":"2023-06-27T12:33:11","date_gmt":"2023-06-27T09:33:11","guid":{"rendered":"https:\/\/autoleasing.fi\/yrityksille\/?p=5527"},"modified":"2024-03-27T11:32:38","modified_gmt":"2024-03-27T09:32:38","slug":"nf-fleetin-pohjoismaiset-tiimit-tapaavat-saannollisesti","status":"publish","type":"post","link":"https:\/\/autoleasing.fi\/yrityksille\/ajankohtaista\/nf-fleetin-pohjoismaiset-tiimit-tapaavat-saannollisesti\/","title":{"rendered":"NF Fleetin pohjoismaiset tiimit tapaavat s\u00e4\u00e4nn\u00f6llisesti"},"content":{"rendered":"<p>NF Fleet tarjoaa innovatiivisia liikkumispalveluita Suomen lis\u00e4ksi my\u00f6s Ruotsissa, Norjassa ja Tanskassa. Vaikka maiden v\u00e4list\u00e4 yhteisty\u00f6t\u00e4 on tehty jo vuodesta 2006, on nyt p\u00e4\u00e4tetty ottaa konkreettisempia ja koordinoidumpia askelia kohti tulevaisuutta. Autoalan k\u00e4ytt\u00f6voimamurros tuo jatkuvasti uutta tietoa ja linjauksia, jotka vaikuttavat yritysten ty\u00f6suhdeautoiluun ja autopolitiikkaan my\u00f6s pohjoismaisella tasolla. Maat voivat olla kuitenkin hyvin eri vaiheissa k\u00e4ytt\u00f6voimamurroksen osalta ja t\u00e4ll\u00f6in yhteisty\u00f6n merkitys maiden v\u00e4lill\u00e4 korostuu. NF Fleetin pohjoismainen autoleasingkanta on t\u00e4ll\u00e4 hetkell\u00e4 23 000 autoa, josta Suomen osuus on 5000 autoa. T\u00e4yss\u00e4hk\u00f6autojen osuus leasingkannastamme Pohjoismaissa on 20 prosenttia.<\/p>\n<p>Yhteisty\u00f6n tiivist\u00e4miseksi pohjoismaisia tapaamisia j\u00e4rjestet\u00e4\u00e4n s\u00e4\u00e4nn\u00f6llisesti, p\u00e4\u00e4asiassa et\u00e4yhteyksien v\u00e4lityksell\u00e4, mutta tavoitteena on toteuttaa yhteiset ty\u00f6pajat v\u00e4hint\u00e4\u00e4n 1-2 kertaa vuodessa. K\u00e4sitelt\u00e4vi\u00e4 asioita ovat muun muassa autoilun tulevaisuuden n\u00e4kym\u00e4t, vastuullisuus sek\u00e4 pohjoismainen autopolitiikka. Avainasiakasty\u00f6ss\u00e4 ollaan matalalla kynnyksell\u00e4 yhteydess\u00e4 kollegoihin yli rajojen, kun kaivataan mielipiteit\u00e4 ja n\u00e4kemyksi\u00e4 eri maiden k\u00e4yt\u00e4nn\u00f6ist\u00e4. Lis\u00e4ksi pyrimme yhdess\u00e4 edist\u00e4m\u00e4\u00e4n yhteisty\u00f6t\u00e4 pohjoismaisten asiakkaiden kanssa. T\u00e4st\u00e4 on ollut hyvi\u00e4 kokemuksia niin asiakkaillamme kuin NF Fleetin henkil\u00f6st\u00f6ll\u00e4kin.<\/p>\n<p>Eri maissa voi olla hyvinkin erilaisia s\u00e4\u00e4nn\u00f6ksi\u00e4, k\u00e4yt\u00e4nt\u00f6j\u00e4 ja veroratkaisuja, my\u00f6s latausratkaisut ja autojen hinnat voivat vaihdella maiden v\u00e4lill\u00e4. Yhteisty\u00f6ll\u00e4 NF Fleetin pohjoismaisten toimipisteiden kanssa voimme auttaa kansainv\u00e4lisi\u00e4 asiakkaitamme paremmin heid\u00e4n autopolitiikassaan eri pohjoismaissa. Usein asiakkaan tahtotilana on mahdollistaa yhdenvertainen autopolitiikka kustannustehokkaasti ja ymp\u00e4rist\u00f6yst\u00e4v\u00e4llisesti \u2013 ja juuri n\u00e4iden teemojen ymp\u00e4rill\u00e4 pyrimme olemaan parhaamme mukaan avuksi.<\/p>\n<p>NF Fleetin <strong>Susanna Palvanen<\/strong>, <strong>Ville Tertsunen<\/strong> ja <strong>Tarja Ruokonen<\/strong> uskovat, ett\u00e4 ty\u00f6ryhm\u00e4n tapaamisten ja yhteisty\u00f6n tiivistymisen my\u00f6t\u00e4 asiakkaiden saama hy\u00f6ty NF Fleetin palveluista kasvaa. Mik\u00e4li yrityksell\u00e4nne on autoja useammassa pohjoismaassa ja kaipaatte apua esimerkiksi autopolitiikan harmonisointiin, tai haluatte keskitt\u00e4\u00e4 autohankinnat muissakin pohjoismaissa NF Fleetille, autamme mielell\u00e4mme teit\u00e4.<\/p>\n<p><a href=\"https:\/\/autoleasing.fi\/yrityksille\/nf-fleet\/yhteystiedot\/\">Ota yhteytt\u00e4 NF Fleetiin<\/a>, niin keskustellaan teid\u00e4n yritykselle sopivista leasingpalvelumalleista!<\/p>\n","protected":false},"excerpt":{"rendered":"<p>NF Fleet tarjoaa innovatiivisia liikkumispalveluita Suomen lis\u00e4ksi my\u00f6s Ruotsissa, Norjassa ja Tanskassa. Vaikka maiden v\u00e4list\u00e4 yhteisty\u00f6t\u00e4 on tehty jo vuodesta 2006, on nyt p\u00e4\u00e4tetty ottaa konkreettisempia ja koordinoidumpia askelia kohti tulevaisuutta. Autoalan k\u00e4ytt\u00f6voimamurros tuo jatkuvasti uutta tietoa ja linjauksia, jotka vaikuttavat yritysten ty\u00f6suhdeautoiluun ja autopolitiikkaan my\u00f6s pohjoismaisella tasolla. Maat voivat olla kuitenkin hyvin eri vaiheissa [&hellip;]<\/p>\n","protected":false},"author":1,"featured_media":5528,"comment_status":"closed","ping_status":"closed","sticky":false,"template":"","format":"standard","meta":{"_acf_changed":false,"footnotes":""},"categories":[11],"tags":[],"class_list":["post-5527","post","type-post","status-publish","format-standard","has-post-thumbnail","hentry","category-ajankohtainen"],"acf":[],"yoast_head":"<!-- This site is optimized with the Yoast SEO plugin v27.5 - https:\/\/yoast.com\/product\/yoast-seo-wordpress\/ -->\n<title>NF Fleetin pohjoismaiset tiimit tapaavat s\u00e4\u00e4nn\u00f6llisesti - Autoleasing \u2013 Yrityksille<\/title>\n<meta name=\"robots\" content=\"index, follow, max-snippet:-1, max-image-preview:large, max-video-preview:-1\" \/>\n<link rel=\"canonical\" href=\"https:\/\/autoleasing.fi\/yrityksille\/ajankohtaista\/nf-fleetin-pohjoismaiset-tiimit-tapaavat-saannollisesti\/\" \/>\n<meta property=\"og:locale\" content=\"fi_FI\" \/>\n<meta property=\"og:type\" content=\"article\" \/>\n<meta property=\"og:title\" content=\"NF Fleetin pohjoismaiset tiimit tapaavat s\u00e4\u00e4nn\u00f6llisesti - Autoleasing \u2013 Yrityksille\" \/>\n<meta property=\"og:description\" content=\"NF Fleet tarjoaa innovatiivisia liikkumispalveluita Suomen lis\u00e4ksi my\u00f6s Ruotsissa, Norjassa ja Tanskassa. Vaikka maiden v\u00e4list\u00e4 yhteisty\u00f6t\u00e4 on tehty jo vuodesta 2006, on nyt p\u00e4\u00e4tetty ottaa konkreettisempia ja koordinoidumpia askelia kohti tulevaisuutta. Autoalan k\u00e4ytt\u00f6voimamurros tuo jatkuvasti uutta tietoa ja linjauksia, jotka vaikuttavat yritysten ty\u00f6suhdeautoiluun ja autopolitiikkaan my\u00f6s pohjoismaisella tasolla. Maat voivat olla kuitenkin hyvin eri vaiheissa [&hellip;]\" \/>\n<meta property=\"og:url\" content=\"https:\/\/autoleasing.fi\/yrityksille\/ajankohtaista\/nf-fleetin-pohjoismaiset-tiimit-tapaavat-saannollisesti\/\" \/>\n<meta property=\"og:site_name\" content=\"Autoleasing \u2013 Yrityksille\" \/>\n<meta property=\"article:published_time\" content=\"2023-06-27T09:33:11+00:00\" \/>\n<meta property=\"article:modified_time\" content=\"2024-03-27T09:32:38+00:00\" \/>\n<meta property=\"og:image\" content=\"https:\/\/autoleasing.fi\/yrityksille\/wp-content\/uploads\/2023\/06\/pohjoism-yhttyo-artikkeli.jpg\" \/>\n\t<meta property=\"og:image:width\" content=\"1024\" \/>\n\t<meta property=\"og:image:height\" content=\"540\" \/>\n\t<meta property=\"og:image:type\" content=\"image\/jpeg\" \/>\n<meta name=\"author\" content=\"Paasonen Jani\" \/>\n<meta name=\"twitter:card\" content=\"summary_large_image\" \/>\n<meta name=\"twitter:label1\" content=\"Kirjoittanut\" \/>\n\t<meta name=\"twitter:data1\" content=\"Paasonen Jani\" \/>\n\t<meta name=\"twitter:label2\" content=\"Arvioitu lukuaika\" \/>\n\t<meta name=\"twitter:data2\" content=\"2 minuuttia\" \/>\n<script type=\"application\/ld+json\" class=\"yoast-schema-graph\">{\"@context\":\"https:\\\/\\\/schema.org\",\"@graph\":[{\"@type\":\"Article\",\"@id\":\"https:\\\/\\\/autoleasing.fi\\\/yrityksille\\\/ajankohtaista\\\/nf-fleetin-pohjoismaiset-tiimit-tapaavat-saannollisesti\\\/#article\",\"isPartOf\":{\"@id\":\"https:\\\/\\\/autoleasing.fi\\\/yrityksille\\\/ajankohtaista\\\/nf-fleetin-pohjoismaiset-tiimit-tapaavat-saannollisesti\\\/\"},\"author\":{\"name\":\"Paasonen Jani\",\"@id\":\"https:\\\/\\\/autoleasing.fi\\\/yrityksille\\\/#\\\/schema\\\/person\\\/d33f3214ec8931bae88207609659dce5\"},\"headline\":\"NF Fleetin pohjoismaiset tiimit tapaavat s\u00e4\u00e4nn\u00f6llisesti\",\"datePublished\":\"2023-06-27T09:33:11+00:00\",\"dateModified\":\"2024-03-27T09:32:38+00:00\",\"mainEntityOfPage\":{\"@id\":\"https:\\\/\\\/autoleasing.fi\\\/yrityksille\\\/ajankohtaista\\\/nf-fleetin-pohjoismaiset-tiimit-tapaavat-saannollisesti\\\/\"},\"wordCount\":340,\"publisher\":{\"@id\":\"https:\\\/\\\/autoleasing.fi\\\/yrityksille\\\/#organization\"},\"image\":{\"@id\":\"https:\\\/\\\/autoleasing.fi\\\/yrityksille\\\/ajankohtaista\\\/nf-fleetin-pohjoismaiset-tiimit-tapaavat-saannollisesti\\\/#primaryimage\"},\"thumbnailUrl\":\"https:\\\/\\\/autoleasing.fi\\\/yrityksille\\\/wp-content\\\/uploads\\\/2023\\\/06\\\/pohjoism-yhttyo-artikkeli.jpg\",\"articleSection\":[\"Ajankohtainen\"],\"inLanguage\":\"fi\"},{\"@type\":\"WebPage\",\"@id\":\"https:\\\/\\\/autoleasing.fi\\\/yrityksille\\\/ajankohtaista\\\/nf-fleetin-pohjoismaiset-tiimit-tapaavat-saannollisesti\\\/\",\"url\":\"https:\\\/\\\/autoleasing.fi\\\/yrityksille\\\/ajankohtaista\\\/nf-fleetin-pohjoismaiset-tiimit-tapaavat-saannollisesti\\\/\",\"name\":\"NF Fleetin pohjoismaiset tiimit tapaavat s\u00e4\u00e4nn\u00f6llisesti - Autoleasing \u2013 Yrityksille\",\"isPartOf\":{\"@id\":\"https:\\\/\\\/autoleasing.fi\\\/yrityksille\\\/#website\"},\"primaryImageOfPage\":{\"@id\":\"https:\\\/\\\/autoleasing.fi\\\/yrityksille\\\/ajankohtaista\\\/nf-fleetin-pohjoismaiset-tiimit-tapaavat-saannollisesti\\\/#primaryimage\"},\"image\":{\"@id\":\"https:\\\/\\\/autoleasing.fi\\\/yrityksille\\\/ajankohtaista\\\/nf-fleetin-pohjoismaiset-tiimit-tapaavat-saannollisesti\\\/#primaryimage\"},\"thumbnailUrl\":\"https:\\\/\\\/autoleasing.fi\\\/yrityksille\\\/wp-content\\\/uploads\\\/2023\\\/06\\\/pohjoism-yhttyo-artikkeli.jpg\",\"datePublished\":\"2023-06-27T09:33:11+00:00\",\"dateModified\":\"2024-03-27T09:32:38+00:00\",\"breadcrumb\":{\"@id\":\"https:\\\/\\\/autoleasing.fi\\\/yrityksille\\\/ajankohtaista\\\/nf-fleetin-pohjoismaiset-tiimit-tapaavat-saannollisesti\\\/#breadcrumb\"},\"inLanguage\":\"fi\",\"potentialAction\":[{\"@type\":\"ReadAction\",\"target\":[\"https:\\\/\\\/autoleasing.fi\\\/yrityksille\\\/ajankohtaista\\\/nf-fleetin-pohjoismaiset-tiimit-tapaavat-saannollisesti\\\/\"]}]},{\"@type\":\"ImageObject\",\"inLanguage\":\"fi\",\"@id\":\"https:\\\/\\\/autoleasing.fi\\\/yrityksille\\\/ajankohtaista\\\/nf-fleetin-pohjoismaiset-tiimit-tapaavat-saannollisesti\\\/#primaryimage\",\"url\":\"https:\\\/\\\/autoleasing.fi\\\/yrityksille\\\/wp-content\\\/uploads\\\/2023\\\/06\\\/pohjoism-yhttyo-artikkeli.jpg\",\"contentUrl\":\"https:\\\/\\\/autoleasing.fi\\\/yrityksille\\\/wp-content\\\/uploads\\\/2023\\\/06\\\/pohjoism-yhttyo-artikkeli.jpg\",\"width\":1024,\"height\":540},{\"@type\":\"BreadcrumbList\",\"@id\":\"https:\\\/\\\/autoleasing.fi\\\/yrityksille\\\/ajankohtaista\\\/nf-fleetin-pohjoismaiset-tiimit-tapaavat-saannollisesti\\\/#breadcrumb\",\"itemListElement\":[{\"@type\":\"ListItem\",\"position\":1,\"name\":\"Etusivu\",\"item\":\"https:\\\/\\\/autoleasing.fi\\\/yrityksille\\\/\"},{\"@type\":\"ListItem\",\"position\":2,\"name\":\"NF Fleetin pohjoismaiset tiimit tapaavat s\u00e4\u00e4nn\u00f6llisesti\"}]},{\"@type\":\"WebSite\",\"@id\":\"https:\\\/\\\/autoleasing.fi\\\/yrityksille\\\/#website\",\"url\":\"https:\\\/\\\/autoleasing.fi\\\/yrityksille\\\/\",\"name\":\"Autoleasing \u2013 Yrityksille\",\"description\":\"\",\"publisher\":{\"@id\":\"https:\\\/\\\/autoleasing.fi\\\/yrityksille\\\/#organization\"},\"potentialAction\":[{\"@type\":\"SearchAction\",\"target\":{\"@type\":\"EntryPoint\",\"urlTemplate\":\"https:\\\/\\\/autoleasing.fi\\\/yrityksille\\\/?s={search_term_string}\"},\"query-input\":{\"@type\":\"PropertyValueSpecification\",\"valueRequired\":true,\"valueName\":\"search_term_string\"}}],\"inLanguage\":\"fi\"},{\"@type\":\"Organization\",\"@id\":\"https:\\\/\\\/autoleasing.fi\\\/yrityksille\\\/#organization\",\"name\":\"Autoleasing \u2013 Yrityksille\",\"url\":\"https:\\\/\\\/autoleasing.fi\\\/yrityksille\\\/\",\"logo\":{\"@type\":\"ImageObject\",\"inLanguage\":\"fi\",\"@id\":\"https:\\\/\\\/autoleasing.fi\\\/yrityksille\\\/#\\\/schema\\\/logo\\\/image\\\/\",\"url\":\"https:\\\/\\\/autoleasing.fi\\\/yrityksille\\\/wp-content\\\/uploads\\\/2023\\\/05\\\/happy-young-woman-looking-out-of-car-window-2.jpg\",\"contentUrl\":\"https:\\\/\\\/autoleasing.fi\\\/yrityksille\\\/wp-content\\\/uploads\\\/2023\\\/05\\\/happy-young-woman-looking-out-of-car-window-2.jpg\",\"width\":1600,\"height\":1157,\"caption\":\"Autoleasing \u2013 Yrityksille\"},\"image\":{\"@id\":\"https:\\\/\\\/autoleasing.fi\\\/yrityksille\\\/#\\\/schema\\\/logo\\\/image\\\/\"},\"sameAs\":[\"https:\\\/\\\/fi.linkedin.com\\\/company\\\/nffleetfinland\"]},{\"@type\":\"Person\",\"@id\":\"https:\\\/\\\/autoleasing.fi\\\/yrityksille\\\/#\\\/schema\\\/person\\\/d33f3214ec8931bae88207609659dce5\",\"name\":\"Paasonen Jani\",\"image\":{\"@type\":\"ImageObject\",\"inLanguage\":\"fi\",\"@id\":\"https:\\\/\\\/secure.gravatar.com\\\/avatar\\\/8207785fe087d850ef209f98d3628924a1ddab106901405902e3c29d1dd9c127?s=96&d=mm&r=g\",\"url\":\"https:\\\/\\\/secure.gravatar.com\\\/avatar\\\/8207785fe087d850ef209f98d3628924a1ddab106901405902e3c29d1dd9c127?s=96&d=mm&r=g\",\"contentUrl\":\"https:\\\/\\\/secure.gravatar.com\\\/avatar\\\/8207785fe087d850ef209f98d3628924a1ddab106901405902e3c29d1dd9c127?s=96&d=mm&r=g\",\"caption\":\"Paasonen Jani\"}}]}<\/script>\n<!-- \/ Yoast SEO plugin. -->","yoast_head_json":{"title":"NF Fleetin pohjoismaiset tiimit tapaavat s\u00e4\u00e4nn\u00f6llisesti - Autoleasing \u2013 Yrityksille","robots":{"index":"index","follow":"follow","max-snippet":"max-snippet:-1","max-image-preview":"max-image-preview:large","max-video-preview":"max-video-preview:-1"},"canonical":"https:\/\/autoleasing.fi\/yrityksille\/ajankohtaista\/nf-fleetin-pohjoismaiset-tiimit-tapaavat-saannollisesti\/","og_locale":"fi_FI","og_type":"article","og_title":"NF Fleetin pohjoismaiset tiimit tapaavat s\u00e4\u00e4nn\u00f6llisesti - Autoleasing \u2013 Yrityksille","og_description":"NF Fleet tarjoaa innovatiivisia liikkumispalveluita Suomen lis\u00e4ksi my\u00f6s Ruotsissa, Norjassa ja Tanskassa. Vaikka maiden v\u00e4list\u00e4 yhteisty\u00f6t\u00e4 on tehty jo vuodesta 2006, on nyt p\u00e4\u00e4tetty ottaa konkreettisempia ja koordinoidumpia askelia kohti tulevaisuutta. Autoalan k\u00e4ytt\u00f6voimamurros tuo jatkuvasti uutta tietoa ja linjauksia, jotka vaikuttavat yritysten ty\u00f6suhdeautoiluun ja autopolitiikkaan my\u00f6s pohjoismaisella tasolla. Maat voivat olla kuitenkin hyvin eri vaiheissa [&hellip;]","og_url":"https:\/\/autoleasing.fi\/yrityksille\/ajankohtaista\/nf-fleetin-pohjoismaiset-tiimit-tapaavat-saannollisesti\/","og_site_name":"Autoleasing \u2013 Yrityksille","article_published_time":"2023-06-27T09:33:11+00:00","article_modified_time":"2024-03-27T09:32:38+00:00","og_image":[{"width":1024,"height":540,"url":"https:\/\/autoleasing.fi\/yrityksille\/wp-content\/uploads\/2023\/06\/pohjoism-yhttyo-artikkeli.jpg","type":"image\/jpeg"}],"author":"Paasonen Jani","twitter_card":"summary_large_image","twitter_misc":{"Kirjoittanut":"Paasonen Jani","Arvioitu lukuaika":"2 minuuttia"},"schema":{"@context":"https:\/\/schema.org","@graph":[{"@type":"Article","@id":"https:\/\/autoleasing.fi\/yrityksille\/ajankohtaista\/nf-fleetin-pohjoismaiset-tiimit-tapaavat-saannollisesti\/#article","isPartOf":{"@id":"https:\/\/autoleasing.fi\/yrityksille\/ajankohtaista\/nf-fleetin-pohjoismaiset-tiimit-tapaavat-saannollisesti\/"},"author":{"name":"Paasonen Jani","@id":"https:\/\/autoleasing.fi\/yrityksille\/#\/schema\/person\/d33f3214ec8931bae88207609659dce5"},"headline":"NF Fleetin pohjoismaiset tiimit tapaavat s\u00e4\u00e4nn\u00f6llisesti","datePublished":"2023-06-27T09:33:11+00:00","dateModified":"2024-03-27T09:32:38+00:00","mainEntityOfPage":{"@id":"https:\/\/autoleasing.fi\/yrityksille\/ajankohtaista\/nf-fleetin-pohjoismaiset-tiimit-tapaavat-saannollisesti\/"},"wordCount":340,"publisher":{"@id":"https:\/\/autoleasing.fi\/yrityksille\/#organization"},"image":{"@id":"https:\/\/autoleasing.fi\/yrityksille\/ajankohtaista\/nf-fleetin-pohjoismaiset-tiimit-tapaavat-saannollisesti\/#primaryimage"},"thumbnailUrl":"https:\/\/autoleasing.fi\/yrityksille\/wp-content\/uploads\/2023\/06\/pohjoism-yhttyo-artikkeli.jpg","articleSection":["Ajankohtainen"],"inLanguage":"fi"},{"@type":"WebPage","@id":"https:\/\/autoleasing.fi\/yrityksille\/ajankohtaista\/nf-fleetin-pohjoismaiset-tiimit-tapaavat-saannollisesti\/","url":"https:\/\/autoleasing.fi\/yrityksille\/ajankohtaista\/nf-fleetin-pohjoismaiset-tiimit-tapaavat-saannollisesti\/","name":"NF Fleetin pohjoismaiset tiimit tapaavat s\u00e4\u00e4nn\u00f6llisesti - Autoleasing \u2013 Yrityksille","isPartOf":{"@id":"https:\/\/autoleasing.fi\/yrityksille\/#website"},"primaryImageOfPage":{"@id":"https:\/\/autoleasing.fi\/yrityksille\/ajankohtaista\/nf-fleetin-pohjoismaiset-tiimit-tapaavat-saannollisesti\/#primaryimage"},"image":{"@id":"https:\/\/autoleasing.fi\/yrityksille\/ajankohtaista\/nf-fleetin-pohjoismaiset-tiimit-tapaavat-saannollisesti\/#primaryimage"},"thumbnailUrl":"https:\/\/autoleasing.fi\/yrityksille\/wp-content\/uploads\/2023\/06\/pohjoism-yhttyo-artikkeli.jpg","datePublished":"2023-06-27T09:33:11+00:00","dateModified":"2024-03-27T09:32:38+00:00","breadcrumb":{"@id":"https:\/\/autoleasing.fi\/yrityksille\/ajankohtaista\/nf-fleetin-pohjoismaiset-tiimit-tapaavat-saannollisesti\/#breadcrumb"},"inLanguage":"fi","potentialAction":[{"@type":"ReadAction","target":["https:\/\/autoleasing.fi\/yrityksille\/ajankohtaista\/nf-fleetin-pohjoismaiset-tiimit-tapaavat-saannollisesti\/"]}]},{"@type":"ImageObject","inLanguage":"fi","@id":"https:\/\/autoleasing.fi\/yrityksille\/ajankohtaista\/nf-fleetin-pohjoismaiset-tiimit-tapaavat-saannollisesti\/#primaryimage","url":"https:\/\/autoleasing.fi\/yrityksille\/wp-content\/uploads\/2023\/06\/pohjoism-yhttyo-artikkeli.jpg","contentUrl":"https:\/\/autoleasing.fi\/yrityksille\/wp-content\/uploads\/2023\/06\/pohjoism-yhttyo-artikkeli.jpg","width":1024,"height":540},{"@type":"BreadcrumbList","@id":"https:\/\/autoleasing.fi\/yrityksille\/ajankohtaista\/nf-fleetin-pohjoismaiset-tiimit-tapaavat-saannollisesti\/#breadcrumb","itemListElement":[{"@type":"ListItem","position":1,"name":"Etusivu","item":"https:\/\/autoleasing.fi\/yrityksille\/"},{"@type":"ListItem","position":2,"name":"NF Fleetin pohjoismaiset tiimit tapaavat s\u00e4\u00e4nn\u00f6llisesti"}]},{"@type":"WebSite","@id":"https:\/\/autoleasing.fi\/yrityksille\/#website","url":"https:\/\/autoleasing.fi\/yrityksille\/","name":"Autoleasing \u2013 Yrityksille","description":"","publisher":{"@id":"https:\/\/autoleasing.fi\/yrityksille\/#organization"},"potentialAction":[{"@type":"SearchAction","target":{"@type":"EntryPoint","urlTemplate":"https:\/\/autoleasing.fi\/yrityksille\/?s={search_term_string}"},"query-input":{"@type":"PropertyValueSpecification","valueRequired":true,"valueName":"search_term_string"}}],"inLanguage":"fi"},{"@type":"Organization","@id":"https:\/\/autoleasing.fi\/yrityksille\/#organization","name":"Autoleasing \u2013 Yrityksille","url":"https:\/\/autoleasing.fi\/yrityksille\/","logo":{"@type":"ImageObject","inLanguage":"fi","@id":"https:\/\/autoleasing.fi\/yrityksille\/#\/schema\/logo\/image\/","url":"https:\/\/autoleasing.fi\/yrityksille\/wp-content\/uploads\/2023\/05\/happy-young-woman-looking-out-of-car-window-2.jpg","contentUrl":"https:\/\/autoleasing.fi\/yrityksille\/wp-content\/uploads\/2023\/05\/happy-young-woman-looking-out-of-car-window-2.jpg","width":1600,"height":1157,"caption":"Autoleasing \u2013 Yrityksille"},"image":{"@id":"https:\/\/autoleasing.fi\/yrityksille\/#\/schema\/logo\/image\/"},"sameAs":["https:\/\/fi.linkedin.com\/company\/nffleetfinland"]},{"@type":"Person","@id":"https:\/\/autoleasing.fi\/yrityksille\/#\/schema\/person\/d33f3214ec8931bae88207609659dce5","name":"Paasonen Jani","image":{"@type":"ImageObject","inLanguage":"fi","@id":"https:\/\/secure.gravatar.com\/avatar\/8207785fe087d850ef209f98d3628924a1ddab106901405902e3c29d1dd9c127?s=96&d=mm&r=g","url":"https:\/\/secure.gravatar.com\/avatar\/8207785fe087d850ef209f98d3628924a1ddab106901405902e3c29d1dd9c127?s=96&d=mm&r=g","contentUrl":"https:\/\/secure.gravatar.com\/avatar\/8207785fe087d850ef209f98d3628924a1ddab106901405902e3c29d1dd9c127?s=96&d=mm&r=g","caption":"Paasonen Jani"}}]}},"_links":{"self":[{"href":"https:\/\/autoleasing.fi\/yrityksille\/wp-json\/wp\/v2\/posts\/5527","targetHints":{"allow":["GET"]}}],"collection":[{"href":"https:\/\/autoleasing.fi\/yrityksille\/wp-json\/wp\/v2\/posts"}],"about":[{"href":"https:\/\/autoleasing.fi\/yrityksille\/wp-json\/wp\/v2\/types\/post"}],"author":[{"embeddable":true,"href":"https:\/\/autoleasing.fi\/yrityksille\/wp-json\/wp\/v2\/users\/1"}],"replies":[{"embeddable":true,"href":"https:\/\/autoleasing.fi\/yrityksille\/wp-json\/wp\/v2\/comments?post=5527"}],"version-history":[{"count":1,"href":"https:\/\/autoleasing.fi\/yrityksille\/wp-json\/wp\/v2\/posts\/5527\/revisions"}],"predecessor-version":[{"id":5529,"href":"https:\/\/autoleasing.fi\/yrityksille\/wp-json\/wp\/v2\/posts\/5527\/revisions\/5529"}],"wp:featuredmedia":[{"embeddable":true,"href":"https:\/\/autoleasing.fi\/yrityksille\/wp-json\/wp\/v2\/media\/5528"}],"wp:attachment":[{"href":"https:\/\/autoleasing.fi\/yrityksille\/wp-json\/wp\/v2\/media?parent=5527"}],"wp:term":[{"taxonomy":"category","embeddable":true,"href":"https:\/\/autoleasing.fi\/yrityksille\/wp-json\/wp\/v2\/categories?post=5527"},{"taxonomy":"post_tag","embeddable":true,"href":"https:\/\/autoleasing.fi\/yrityksille\/wp-json\/wp\/v2\/tags?post=5527"}],"curies":[{"name":"wp","href":"https:\/\/api.w.org\/{rel}","templated":true}]}}